{"id":398304,"date":"2025-04-14T10:54:04","date_gmt":"2025-04-14T03:54:04","guid":{"rendered":"https:\/\/www.vibizmedia.com\/?p=398304"},"modified":"2025-04-14T15:28:38","modified_gmt":"2025-04-14T08:28:38","slug":"presiden-prabowo-dan-raja-abdullah-ii-akan-saksikan-mou-kedua-negara","status":"publish","type":"post","link":"https:\/\/www.vibizmedia.com\/index.php\/2025\/04\/14\/presiden-prabowo-dan-raja-abdullah-ii-akan-saksikan-mou-kedua-negara\/","title":{"rendered":"Presiden Prabowo dan Raja Abdullah II Akan Saksikan MoU Kedua Negara"},"content":{"rendered":"<p>(Vibizmedia-Nasional) Dalam upaya mempererat hubungan bilateral antara Indonesia dan Yordania, Presiden Prabowo Subianto dijadwalkan melakukan kunjungan resmi bertemu Raja Abdullah II ke Istana Al-Husseiniya, Amman, Kerajaan Yordania Hasyimiyah, pada Senin, 14 April 2025.  <\/p>\n<p>Deputi Bidang Protokol, Pers, dan Media Sekretariat Presiden, Yusuf Permana, mengatakan bahwa Presiden Prabowo akan tiba di Istana Al-Husseiniya sekitar pukul 13.00 waktu setempat. Kedatangan Presiden Prabowo juga akan disambut langsung oleh Raja Abdullah II bin Al-Hussein.<\/p>\n<p>\u201cKetibaannya disambut langsung oleh Raja Abdullah II. Kemudian kegiatannya adalah yang pertama melakukan pertemuan t\u00eate-\u00e0-t\u00eate dengan Raja Abdullah II,\u201d kata Yusuf.<\/p>\n<p>Setelah pertemuan empat mata, kedua kepala negara akan melanjutkan pembahasan kerja sama strategis dalam pertemuan bilateral yang melibatkan delegasi dari kedua negara. Dalam kesempatan tersebut, sejumlah nota kesepahaman (MoU) juga akan ditandatangani dan disaksikan langsung oleh Presiden Prabowo dan Raja Abdullah II.<\/p>\n<p>\u201cSetelah itu ada beberapa penandatanganan MoU yang langsung akan disaksikan oleh kedua kepala negara,\u201d terang Yusuf.<\/p>\n<p>Sebagai penutup kunjungan resmi di Istana Al-Husseiniyah, Presiden Prabowo akan menghadiri jamuan santap siang resmi yang diselenggarakan oleh Raja Abdullah II sebagai bentuk penghormatan dan penguatan hubungan persahabatan antara kedua negara.<\/p>\n","protected":false},"excerpt":{"rendered":"<p>(Vibizmedia-Nasional) Dalam upaya mempererat hubungan bilateral antara Indonesia dan Yordania, Presiden Prabowo Subianto dijadwalkan melakukan kunjungan resmi bertemu Raja Abdullah II ke Istana Al-Husseiniya, Amman, Kerajaan Yordania Hasyimiyah, pada Senin, 14 April 2025. Deputi Bidang Protokol, Pers, dan Media Sekretariat Presiden, Yusuf Permana, mengatakan bahwa Presiden Prabowo akan tiba di Istana Al-Husseiniya sekitar pukul 13.00 [&hellip;]<\/p>\n","protected":false},"author":10,"featured_media":398306,"comment_status":"closed","ping_status":"open","sticky":false,"template":"","format":"standard","meta":{"_exactmetrics_skip_tracking":false,"_exactmetrics_sitenote_active":false,"_exactmetrics_sitenote_note":"","_exactmetrics_sitenote_category":0,"_monsterinsights_skip_tracking":false,"_monsterinsights_sitenote_active":false,"_monsterinsights_sitenote_note":"","_monsterinsights_sitenote_category":0},"categories":[188,8873],"tags":[],"aioseo_notices":[],"yoast_head":"<!-- This site is optimized with the Yoast SEO plugin v17.7.1 - https:\/\/yoast.com\/wordpress\/plugins\/seo\/ -->\n<meta name=\"robots\" content=\"index, follow, max-snippet:-1, max-image-preview:large, max-video-preview:-1\" \/>\n<link rel=\"canonical\" href=\"https:\/\/www.vibizmedia.com\/index.php\/2025\/04\/14\/presiden-prabowo-dan-raja-abdullah-ii-akan-saksikan-mou-kedua-negara\/\" \/>\n<meta property=\"og:locale\" content=\"en_US\" \/>\n<meta property=\"og:type\" content=\"article\" \/>\n<meta property=\"og:title\" content=\"Presiden Prabowo dan Raja Abdullah II Akan Saksikan MoU Kedua Negara - Vibizmedia.com\" \/>\n<meta property=\"og:description\" content=\"(Vibizmedia-Nasional) Dalam upaya mempererat hubungan bilateral antara Indonesia dan Yordania, Presiden Prabowo Subianto dijadwalkan melakukan kunjungan resmi bertemu Raja Abdullah II ke Istana Al-Husseiniya, Amman, Kerajaan Yordania Hasyimiyah, pada Senin, 14 April 2025. Deputi Bidang Protokol, Pers, dan Media Sekretariat Presiden, Yusuf Permana, mengatakan bahwa Presiden Prabowo akan tiba di Istana Al-Husseiniya sekitar pukul 13.00 [&hellip;]\" \/>\n<meta property=\"og:url\" content=\"https:\/\/www.vibizmedia.com\/index.php\/2025\/04\/14\/presiden-prabowo-dan-raja-abdullah-ii-akan-saksikan-mou-kedua-negara\/\" \/>\n<meta property=\"og:site_name\" content=\"Vibizmedia.com\" \/>\n<meta property=\"article:published_time\" content=\"2025-04-14T03:54:04+00:00\" \/>\n<meta property=\"article:modified_time\" content=\"2025-04-14T08:28:38+00:00\" \/>\n<meta property=\"og:image\" content=\"https:\/\/www.vibizmedia.com\/wp-content\/uploads\/2025\/04\/Deputi-Bidang-Protokol-Pers-dan-Media-Sekretariat-Presiden-Yusuf-Permana-memberikan-keterangannya-kepada-awak-media-di-Amman-Yordania-pada-Minggu-13-April-2025.jpg\" \/>\n\t<meta property=\"og:image:width\" content=\"1426\" \/>\n\t<meta property=\"og:image:height\" content=\"760\" \/>\n<meta name=\"twitter:card\" content=\"summary_large_image\" \/>\n<meta name=\"twitter:creator\" content=\"@vibizmediacom\" \/>\n<meta name=\"twitter:label1\" content=\"Written by\" \/>\n\t<meta name=\"twitter:data1\" content=\"Maruli Sinambela\" \/>\n\t<meta name=\"twitter:label2\" content=\"Est. reading time\" \/>\n\t<meta name=\"twitter:data2\" content=\"1 minute\" \/>\n<script type=\"application\/ld+json\" class=\"yoast-schema-graph\">{\"@context\":\"https:\/\/schema.org\",\"@graph\":[{\"@type\":\"WebSite\",\"@id\":\"https:\/\/www.vibizmedia.com\/#website\",\"url\":\"https:\/\/www.vibizmedia.com\/\",\"name\":\"Vibizmedia.com\",\"description\":\"Business, Culture and Research\",\"potentialAction\":[{\"@type\":\"SearchAction\",\"target\":{\"@type\":\"EntryPoint\",\"urlTemplate\":\"https:\/\/www.vibizmedia.com\/?s={search_term_string}\"},\"query-input\":\"required name=search_term_string\"}],\"inLanguage\":\"en-US\"},{\"@type\":\"ImageObject\",\"@id\":\"https:\/\/www.vibizmedia.com\/index.php\/2025\/04\/14\/presiden-prabowo-dan-raja-abdullah-ii-akan-saksikan-mou-kedua-negara\/#primaryimage\",\"inLanguage\":\"en-US\",\"url\":\"https:\/\/www.vibizmedia.com\/wp-content\/uploads\/2025\/04\/Deputi-Bidang-Protokol-Pers-dan-Media-Sekretariat-Presiden-Yusuf-Permana-memberikan-keterangannya-kepada-awak-media-di-Amman-Yordania-pada-Minggu-13-April-2025.jpg\",\"contentUrl\":\"https:\/\/www.vibizmedia.com\/wp-content\/uploads\/2025\/04\/Deputi-Bidang-Protokol-Pers-dan-Media-Sekretariat-Presiden-Yusuf-Permana-memberikan-keterangannya-kepada-awak-media-di-Amman-Yordania-pada-Minggu-13-April-2025.jpg\",\"width\":1426,\"height\":760,\"caption\":\"Deputi Bidang Protokol, Pers, dan Media, Sekretariat Presiden, Yusuf Permana memberikan keterangannya kepada awak media di Amman, Yordania, pada Minggu, 13 April 2025. FOTO: BIRO PERS SETPRES\"},{\"@type\":\"WebPage\",\"@id\":\"https:\/\/www.vibizmedia.com\/index.php\/2025\/04\/14\/presiden-prabowo-dan-raja-abdullah-ii-akan-saksikan-mou-kedua-negara\/#webpage\",\"url\":\"https:\/\/www.vibizmedia.com\/index.php\/2025\/04\/14\/presiden-prabowo-dan-raja-abdullah-ii-akan-saksikan-mou-kedua-negara\/\",\"name\":\"Presiden Prabowo dan Raja Abdullah II Akan Saksikan MoU Kedua Negara - Vibizmedia.com\",\"isPartOf\":{\"@id\":\"https:\/\/www.vibizmedia.com\/#website\"},\"primaryImageOfPage\":{\"@id\":\"https:\/\/www.vibizmedia.com\/index.php\/2025\/04\/14\/presiden-prabowo-dan-raja-abdullah-ii-akan-saksikan-mou-kedua-negara\/#primaryimage\"},\"datePublished\":\"2025-04-14T03:54:04+00:00\",\"dateModified\":\"2025-04-14T08:28:38+00:00\",\"author\":{\"@id\":\"https:\/\/www.vibizmedia.com\/#\/schema\/person\/a3c1e780f9f0fd72a0c3204e531635bb\"},\"breadcrumb\":{\"@id\":\"https:\/\/www.vibizmedia.com\/index.php\/2025\/04\/14\/presiden-prabowo-dan-raja-abdullah-ii-akan-saksikan-mou-kedua-negara\/#breadcrumb\"},\"inLanguage\":\"en-US\",\"potentialAction\":[{\"@type\":\"ReadAction\",\"target\":[\"https:\/\/www.vibizmedia.com\/index.php\/2025\/04\/14\/presiden-prabowo-dan-raja-abdullah-ii-akan-saksikan-mou-kedua-negara\/\"]}]},{\"@type\":\"BreadcrumbList\",\"@id\":\"https:\/\/www.vibizmedia.com\/index.php\/2025\/04\/14\/presiden-prabowo-dan-raja-abdullah-ii-akan-saksikan-mou-kedua-negara\/#breadcrumb\",\"itemListElement\":[{\"@type\":\"ListItem\",\"position\":1,\"name\":\"Home\",\"item\":\"https:\/\/www.vibizmedia.com\/\"},{\"@type\":\"ListItem\",\"position\":2,\"name\":\"Presiden Prabowo dan Raja Abdullah II Akan Saksikan MoU Kedua Negara\"}]},{\"@type\":\"Person\",\"@id\":\"https:\/\/www.vibizmedia.com\/#\/schema\/person\/a3c1e780f9f0fd72a0c3204e531635bb\",\"name\":\"Maruli Sinambela\",\"image\":{\"@type\":\"ImageObject\",\"@id\":\"https:\/\/www.vibizmedia.com\/#personlogo\",\"inLanguage\":\"en-US\",\"url\":\"https:\/\/secure.gravatar.com\/avatar\/584625cbe764860f367e0fe8164ec979?s=96&d=mm&r=g\",\"contentUrl\":\"https:\/\/secure.gravatar.com\/avatar\/584625cbe764860f367e0fe8164ec979?s=96&d=mm&r=g\",\"caption\":\"Maruli Sinambela\"},\"description\":\"Maruli Sinambela is editor of vibizmedia.com and he is also a partner in management and technology services in Vibiz Consulting.\",\"sameAs\":[\"vibizmediacom\",\"https:\/\/twitter.com\/@vibizmediacom\"],\"url\":\"https:\/\/www.vibizmedia.com\/index.php\/author\/maruli\/\"}]}<\/script>\n<!-- \/ Yoast SEO plugin. -->","yoast_head_json":{"robots":{"index":"index","follow":"follow","max-snippet":"max-snippet:-1","max-image-preview":"max-image-preview:large","max-video-preview":"max-video-preview:-1"},"canonical":"https:\/\/www.vibizmedia.com\/index.php\/2025\/04\/14\/presiden-prabowo-dan-raja-abdullah-ii-akan-saksikan-mou-kedua-negara\/","og_locale":"en_US","og_type":"article","og_title":"Presiden Prabowo dan Raja Abdullah II Akan Saksikan MoU Kedua Negara - Vibizmedia.com","og_description":"(Vibizmedia-Nasional) Dalam upaya mempererat hubungan bilateral antara Indonesia dan Yordania, Presiden Prabowo Subianto dijadwalkan melakukan kunjungan resmi bertemu Raja Abdullah II ke Istana Al-Husseiniya, Amman, Kerajaan Yordania Hasyimiyah, pada Senin, 14 April 2025. Deputi Bidang Protokol, Pers, dan Media Sekretariat Presiden, Yusuf Permana, mengatakan bahwa Presiden Prabowo akan tiba di Istana Al-Husseiniya sekitar pukul 13.00 [&hellip;]","og_url":"https:\/\/www.vibizmedia.com\/index.php\/2025\/04\/14\/presiden-prabowo-dan-raja-abdullah-ii-akan-saksikan-mou-kedua-negara\/","og_site_name":"Vibizmedia.com","article_published_time":"2025-04-14T03:54:04+00:00","article_modified_time":"2025-04-14T08:28:38+00:00","og_image":[{"width":1426,"height":760,"url":"https:\/\/www.vibizmedia.com\/wp-content\/uploads\/2025\/04\/Deputi-Bidang-Protokol-Pers-dan-Media-Sekretariat-Presiden-Yusuf-Permana-memberikan-keterangannya-kepada-awak-media-di-Amman-Yordania-pada-Minggu-13-April-2025.jpg","type":"image\/jpeg"}],"twitter_card":"summary_large_image","twitter_creator":"@vibizmediacom","twitter_misc":{"Written by":"Maruli Sinambela","Est. reading time":"1 minute"},"schema":{"@context":"https:\/\/schema.org","@graph":[{"@type":"WebSite","@id":"https:\/\/www.vibizmedia.com\/#website","url":"https:\/\/www.vibizmedia.com\/","name":"Vibizmedia.com","description":"Business, Culture and Research","potentialAction":[{"@type":"SearchAction","target":{"@type":"EntryPoint","urlTemplate":"https:\/\/www.vibizmedia.com\/?s={search_term_string}"},"query-input":"required name=search_term_string"}],"inLanguage":"en-US"},{"@type":"ImageObject","@id":"https:\/\/www.vibizmedia.com\/index.php\/2025\/04\/14\/presiden-prabowo-dan-raja-abdullah-ii-akan-saksikan-mou-kedua-negara\/#primaryimage","inLanguage":"en-US","url":"https:\/\/www.vibizmedia.com\/wp-content\/uploads\/2025\/04\/Deputi-Bidang-Protokol-Pers-dan-Media-Sekretariat-Presiden-Yusuf-Permana-memberikan-keterangannya-kepada-awak-media-di-Amman-Yordania-pada-Minggu-13-April-2025.jpg","contentUrl":"https:\/\/www.vibizmedia.com\/wp-content\/uploads\/2025\/04\/Deputi-Bidang-Protokol-Pers-dan-Media-Sekretariat-Presiden-Yusuf-Permana-memberikan-keterangannya-kepada-awak-media-di-Amman-Yordania-pada-Minggu-13-April-2025.jpg","width":1426,"height":760,"caption":"Deputi Bidang Protokol, Pers, dan Media, Sekretariat Presiden, Yusuf Permana memberikan keterangannya kepada awak media di Amman, Yordania, pada Minggu, 13 April 2025. FOTO: BIRO PERS SETPRES"},{"@type":"WebPage","@id":"https:\/\/www.vibizmedia.com\/index.php\/2025\/04\/14\/presiden-prabowo-dan-raja-abdullah-ii-akan-saksikan-mou-kedua-negara\/#webpage","url":"https:\/\/www.vibizmedia.com\/index.php\/2025\/04\/14\/presiden-prabowo-dan-raja-abdullah-ii-akan-saksikan-mou-kedua-negara\/","name":"Presiden Prabowo dan Raja Abdullah II Akan Saksikan MoU Kedua Negara - Vibizmedia.com","isPartOf":{"@id":"https:\/\/www.vibizmedia.com\/#website"},"primaryImageOfPage":{"@id":"https:\/\/www.vibizmedia.com\/index.php\/2025\/04\/14\/presiden-prabowo-dan-raja-abdullah-ii-akan-saksikan-mou-kedua-negara\/#primaryimage"},"datePublished":"2025-04-14T03:54:04+00:00","dateModified":"2025-04-14T08:28:38+00:00","author":{"@id":"https:\/\/www.vibizmedia.com\/#\/schema\/person\/a3c1e780f9f0fd72a0c3204e531635bb"},"breadcrumb":{"@id":"https:\/\/www.vibizmedia.com\/index.php\/2025\/04\/14\/presiden-prabowo-dan-raja-abdullah-ii-akan-saksikan-mou-kedua-negara\/#breadcrumb"},"inLanguage":"en-US","potentialAction":[{"@type":"ReadAction","target":["https:\/\/www.vibizmedia.com\/index.php\/2025\/04\/14\/presiden-prabowo-dan-raja-abdullah-ii-akan-saksikan-mou-kedua-negara\/"]}]},{"@type":"BreadcrumbList","@id":"https:\/\/www.vibizmedia.com\/index.php\/2025\/04\/14\/presiden-prabowo-dan-raja-abdullah-ii-akan-saksikan-mou-kedua-negara\/#breadcrumb","itemListElement":[{"@type":"ListItem","position":1,"name":"Home","item":"https:\/\/www.vibizmedia.com\/"},{"@type":"ListItem","position":2,"name":"Presiden Prabowo dan Raja Abdullah II Akan Saksikan MoU Kedua Negara"}]},{"@type":"Person","@id":"https:\/\/www.vibizmedia.com\/#\/schema\/person\/a3c1e780f9f0fd72a0c3204e531635bb","name":"Maruli Sinambela","image":{"@type":"ImageObject","@id":"https:\/\/www.vibizmedia.com\/#personlogo","inLanguage":"en-US","url":"https:\/\/secure.gravatar.com\/avatar\/584625cbe764860f367e0fe8164ec979?s=96&d=mm&r=g","contentUrl":"https:\/\/secure.gravatar.com\/avatar\/584625cbe764860f367e0fe8164ec979?s=96&d=mm&r=g","caption":"Maruli Sinambela"},"description":"Maruli Sinambela is editor of vibizmedia.com and he is also a partner in management and technology services in Vibiz Consulting.","sameAs":["vibizmediacom","https:\/\/twitter.com\/@vibizmediacom"],"url":"https:\/\/www.vibizmedia.com\/index.php\/author\/maruli\/"}]}},"_links":{"self":[{"href":"https:\/\/www.vibizmedia.com\/index.php\/wp-json\/wp\/v2\/posts\/398304"}],"collection":[{"href":"https:\/\/www.vibizmedia.com\/index.php\/wp-json\/wp\/v2\/posts"}],"about":[{"href":"https:\/\/www.vibizmedia.com\/index.php\/wp-json\/wp\/v2\/types\/post"}],"author":[{"embeddable":true,"href":"https:\/\/www.vibizmedia.com\/index.php\/wp-json\/wp\/v2\/users\/10"}],"replies":[{"embeddable":true,"href":"https:\/\/www.vibizmedia.com\/index.php\/wp-json\/wp\/v2\/comments?post=398304"}],"version-history":[{"count":1,"href":"https:\/\/www.vibizmedia.com\/index.php\/wp-json\/wp\/v2\/posts\/398304\/revisions"}],"predecessor-version":[{"id":398307,"href":"https:\/\/www.vibizmedia.com\/index.php\/wp-json\/wp\/v2\/posts\/398304\/revisions\/398307"}],"wp:featuredmedia":[{"embeddable":true,"href":"https:\/\/www.vibizmedia.com\/index.php\/wp-json\/wp\/v2\/media\/398306"}],"wp:attachment":[{"href":"https:\/\/www.vibizmedia.com\/index.php\/wp-json\/wp\/v2\/media?parent=398304"}],"wp:term":[{"taxonomy":"category","embeddable":true,"href":"https:\/\/www.vibizmedia.com\/index.php\/wp-json\/wp\/v2\/categories?post=398304"},{"taxonomy":"post_tag","embeddable":true,"href":"https:\/\/www.vibizmedia.com\/index.php\/wp-json\/wp\/v2\/tags?post=398304"}],"curies":[{"name":"wp","href":"https:\/\/api.w.org\/{rel}","templated":true}]}}